{"id":584,"date":"2025-04-10T00:00:00","date_gmt":"2025-04-09T23:00:00","guid":{"rendered":"https:\/\/nie-codzienna.pl\/?p=584"},"modified":"2025-04-10T00:00:00","modified_gmt":"2025-04-09T23:00:00","slug":"jakie-apaszki-pasuja-do-malinowej-sukienki-na-wesele","status":"publish","type":"post","link":"https:\/\/nie-codzienna.pl\/ro\/jakie-apaszki-pasuja-do-malinowej-sukienki-na-wesele\/","title":{"rendered":"Ce e\u0219arfe se potrivesc cu o rochie de mireas\u0103 zmeur\u0103?"},"content":{"rendered":"<div class=\"kk-star-ratings kksr-auto kksr-align-right kksr-valign-top\"\n    data-payload='{&quot;align&quot;:&quot;right&quot;,&quot;id&quot;:&quot;584&quot;,&quot;slug&quot;:&quot;default&quot;,&quot;valign&quot;:&quot;top&quot;,&quot;ignore&quot;:&quot;&quot;,&quot;reference&quot;:&quot;auto&quot;,&quot;class&quot;:&quot;&quot;,&quot;count&quot;:&quot;0&quot;,&quot;legendonly&quot;:&quot;&quot;,&quot;readonly&quot;:&quot;&quot;,&quot;score&quot;:&quot;0&quot;,&quot;starsonly&quot;:&quot;&quot;,&quot;best&quot;:&quot;5&quot;,&quot;gap&quot;:&quot;5&quot;,&quot;greet&quot;:&quot;&quot;,&quot;legend&quot;:&quot;0\\\/5 - (0 votes)&quot;,&quot;size&quot;:&quot;24&quot;,&quot;title&quot;:&quot;Jakie apaszki pasuj\u0105 do malinowej sukienki na wesele?&quot;,&quot;width&quot;:&quot;0&quot;,&quot;_legend&quot;:&quot;{score}\\\/{best} - ({count} {votes})&quot;,&quot;font_factor&quot;:&quot;1.25&quot;}'>\n            \n<div class=\"kksr-stars\">\n    \n<div class=\"kksr-stars-inactive\">\n            <div class=\"kksr-star\" data-star=\"1\" style=\"padding-right: 5px\">\n            \n\n<div class=\"kksr-icon\" style=\"width: 24px; height: 24px;\"><\/div>\n        <\/div>\n            <div class=\"kksr-star\" data-star=\"2\" style=\"padding-right: 5px\">\n            \n\n<div class=\"kksr-icon\" style=\"width: 24px; height: 24px;\"><\/div>\n        <\/div>\n            <div class=\"kksr-star\" data-star=\"3\" style=\"padding-right: 5px\">\n            \n\n<div class=\"kksr-icon\" style=\"width: 24px; height: 24px;\"><\/div>\n        <\/div>\n            <div class=\"kksr-star\" data-star=\"4\" style=\"padding-right: 5px\">\n            \n\n<div class=\"kksr-icon\" style=\"width: 24px; height: 24px;\"><\/div>\n        <\/div>\n            <div class=\"kksr-star\" data-star=\"5\" style=\"padding-right: 5px\">\n            \n\n<div class=\"kksr-icon\" style=\"width: 24px; height: 24px;\"><\/div>\n        <\/div>\n    <\/div>\n    \n<div class=\"kksr-stars-active\" style=\"width: 0px;\">\n            <div class=\"kksr-star\" style=\"padding-right: 5px\">\n            \n\n<div class=\"kksr-icon\" style=\"width: 24px; height: 24px;\"><\/div>\n        <\/div>\n            <div class=\"kksr-star\" style=\"padding-right: 5px\">\n            \n\n<div class=\"kksr-icon\" style=\"width: 24px; height: 24px;\"><\/div>\n        <\/div>\n            <div class=\"kksr-star\" style=\"padding-right: 5px\">\n            \n\n<div class=\"kksr-icon\" style=\"width: 24px; height: 24px;\"><\/div>\n        <\/div>\n            <div class=\"kksr-star\" style=\"padding-right: 5px\">\n            \n\n<div class=\"kksr-icon\" style=\"width: 24px; height: 24px;\"><\/div>\n        <\/div>\n            <div class=\"kksr-star\" style=\"padding-right: 5px\">\n            \n\n<div class=\"kksr-icon\" style=\"width: 24px; height: 24px;\"><\/div>\n        <\/div>\n    <\/div>\n<\/div>\n                \n\n<div class=\"kksr-legend\" style=\"font-size: 19.2px;\">\n            <span class=\"kksr-muted\"><\/span>\n    <\/div>\n    <\/div>\n<p>O rochie zmeurie este sinonim\u0103 cu elegan\u021ba \u0219i stilul \u2013 perfect\u0103 pentru ocazii precum o nunt\u0103. Odat\u0103 ce ai ales o rochie, te \u00eentrebi cum s\u0103 alegi accesoriile care s\u0103-\u021bi pun\u0103 \u00een valoare aspectul. \u00cen acest caz, un element inseparabil al garderobei poate fi un fular. Un fular ales cu grij\u0103 nu numai c\u0103 va completa ansamblul, dar va ad\u0103uga \u0219i caracter stilului t\u0103u. Merit\u0103 s\u0103 iei \u00een considerare culoarea, modelul \u0219i chiar materialul acesteia. Mai jos \u00ee\u021bi prezent\u0103m diverse op\u021biuni de fulare care se potrivesc perfect cu o rochie zmeurie, precum \u0219i sfaturi despre cum s\u0103 le por\u021bi.<\/p>\n<h2>Tipuri de e\u0219arfe perfecte pentru o rochie de zmeur\u0103<\/h2>\n<p><img decoding=\"async\" alt=\"Na manekinie wisi elegancka chusta w kolorze be\u017cowym z r\u00f3\u017cowym wzorem, w tle odzie\u017c w sklepie.\" src=\"https:\/\/nie-codzienna.pl\/wp-content\/uploads\/2025\/04\/image9d528ccb87de48ada3a6f916829d0fd4.png\"\/><\/p>\n<p>Alegerea e\u0219arfei nu ar trebui s\u0103 fie \u00eent\u00e2mpl\u0103toare. O e\u0219arf\u0103 bine aleas\u0103 poate eviden\u021bia atuurile siluetei tale \u0219i poate completa stilul. A\u0219adar, haide\u021bi s\u0103 arunc\u0103m o privire la ce tipuri de e\u0219arfe vor fi perfecte pentru o rochie zmeur\u0103:<\/p>\n<ul>\n<li><strong>E\u0219arfe \u00een culori discrete:<\/strong> Nuan\u021bele de bej, gri sau pastelate vor asigura elegan\u021b\u0103.<\/li>\n<li><strong>E\u0219arfe \u00een aceea\u0219i nuan\u021b\u0103:<\/strong> Nuan\u021bele de zmeur\u0103 vor crea un \u00eentreg armonios.<\/li>\n<li><strong>E\u0219arfe cu model:<\/strong> Motivele florale sau geometrice vor ad\u0103uga caracter.<\/li>\n<\/ul>\n<p>Stilurile \u00een culori estompate sunt clasice care func\u021bioneaz\u0103 \u00een orice situa\u021bie. Atunci c\u00e2nd alegi o e\u0219arf\u0103 \u00een culoarea zmeurii, merit\u0103 s\u0103 te asiguri c\u0103 nuan\u021ba este u\u0219or diferit\u0103 de cea a rochiei - astfel \u00eenc\u00e2t s\u0103 ias\u0103 \u00een eviden\u021b\u0103, dar s\u0103 creeze un \u00eentreg coerent. \u0218i modelele pot ar\u0103ta frumos, dar este nevoie de echilibru pentru ca \u00eentregul s\u0103 fie estetic. Cheia este ca e\u0219arfa s\u0103 nu cople\u0219easc\u0103 rochia, ci doar s\u0103 o completeze.<\/p>\n<h2>Cum s\u0103 por\u021bi o e\u0219arf\u0103 cu o rochie de zmeur\u0103?<\/h2>\n<p><img decoding=\"async\" alt=\"Kobieta w modnych ubraniach przymierza szalik w sklepie odzie\u017cowym, otoczona lustrami i sukienkami.\" src=\"https:\/\/nie-codzienna.pl\/wp-content\/uploads\/2025\/04\/imagefe91ad94f9c140b183b3c8f05ea1f86a.png\"\/><\/p>\n<p>Purtarea unei e\u0219arfe este o art\u0103 care merit\u0103 \u00eenv\u0103\u021bat\u0103. Exist\u0103 multe moduri diferite de a o stiliza. Iat\u0103 c\u00e2teva care te-ar putea inspira s\u0103 te joci cu moda:<\/p>\n<ul>\n<li><strong>E\u0219arf\u0103 \u00een jurul g\u00e2tului:<\/strong> O metod\u0103 clasic\u0103 care adaug\u0103 elegan\u021b\u0103.<\/li>\n<li><strong>E\u0219arf\u0103 ca band\u0103 de cap:<\/strong> O alegere perfect\u0103 pentru nun\u021bi mai relaxante, de var\u0103.<\/li>\n<li><strong>E\u0219arf\u0103 legat\u0103 la talie:<\/strong> Accentueaz\u0103 silueta \u0219i adaug\u0103 un caracter modern.<\/li>\n<\/ul>\n<p>Fiecare dintre aceste metode are propriile caracteristici unice. De exemplu, purtarea unei e\u0219arfe \u00een jurul g\u00e2tului este cea mai cunoscut\u0103 \u0219i dovedit\u0103 metod\u0103 care cu siguran\u021b\u0103 nu va dezam\u0103gi. Pe de alt\u0103 parte, o e\u0219arf\u0103 pe post de benti\u021b\u0103 poate aduce un strop de boho stilului t\u0103u. Legarea unei e\u0219arfe \u00een jurul taliei \u00ee\u021bi permite s\u0103-\u021bi pui \u00een valoare silueta, lucru pe care multe femei \u00eel consider\u0103 un atu imens. Atunci c\u00e2nd completezi stilul, merit\u0103 s\u0103 acorzi aten\u021bie faptului c\u0103 lungimea e\u0219arfei este potrivit\u0103 pentru silueta ta.<\/p>\n<h2>Sfaturi pentru alegerea unui material<\/h2>\n<p>C\u00e2nd vine vorba de alegerea materialului pentru e\u0219arf\u0103, confortul \u0219i estetica sunt importante. Iat\u0103 c\u00e2teva sugestii de materiale perfecte pentru o nunt\u0103:<\/p>\n<ul>\n<li><strong>M\u0103tase:<\/strong> Un material clasic \u0219i elegant care se drapeaz\u0103 frumos.<\/li>\n<li><strong>\u015eifon:<\/strong> Luminos \u0219i aerisit, perfect pentru petrecerile de var\u0103.<\/li>\n<li><strong>Bumbac:<\/strong> Adesea practic, dar merit\u0103 s\u0103 alege\u021bi variante mai sub\u021biri.<\/li>\n<\/ul>\n<table border=\"1\">\n<tr>\n<th>Material<\/th>\n<th>Descriere<\/th>\n<th>Perioada perfect\u0103 a anului<\/th>\n<\/tr>\n<tr>\n<td>M\u0103tase<\/td>\n<td>Elegant, u\u0219or \u0219i bine croit<\/td>\n<td>Prim\u0103vara, vara, toamna<\/td>\n<\/tr>\n<tr>\n<td>\u015eifon<\/td>\n<td>Congelat, func\u021bioneaz\u0103 excelent la temperaturi mai ridicate.<\/td>\n<td>Var\u0103<\/td>\n<\/tr>\n<tr>\n<td>Bumbac<\/td>\n<td>Practic, dar mai casual<\/td>\n<td>Prim\u0103vara, vara<\/td>\n<\/tr>\n<\/table>\n<h2>Rezumat<\/h2>\n<p>Alegerea unui fular pentru o rochie de mireas\u0103 zmeur\u0103 este un element important al stilului t\u0103u vestimentar. De la nuan\u021be subtile, prin modele, p\u00e2n\u0103 la tehnicile potrivite de purtare - fiecare decizie influen\u021beaz\u0103 aspectul final. Cheia succesului este flexibilitatea \u00een alegerea accesoriilor, care \u00ee\u021bi va permite s\u0103 creezi un look unic. Nu te teme s\u0103 experimentezi cu culori \u0219i materiale. Cu siguran\u021b\u0103 vei g\u0103si ceva care s\u0103-\u021bi pun\u0103 perfect \u00een valoare frumuse\u021bea. Nu uita c\u0103 cel mai important lucru este s\u0103 te sim\u021bi confortabil \u0219i \u00eencrez\u0103toare \u00een ceea ce por\u021bi.<\/p>\n<h2>\u00centreb\u0103ri frecvente<\/h2>\n<ul>\n<li><strong>Ce culori de e\u0219arfe se potrivesc cu o rochie zmeurie?<\/strong>\n<ul>\n<li>E\u0219arfele \u00een nuan\u021be subtile, pastelate \u0219i zmeur\u0103 de diferite satura\u021bii sunt ideale.<\/li>\n<\/ul>\n<\/li>\n<li><strong>Pot purta o e\u0219arf\u0103 cu model?<\/strong>\n<ul>\n<li>Da, e\u0219arfele cu model vor merge \u0219i ele, at\u00e2ta timp c\u00e2t modelele nu sunt prea intense.<\/li>\n<\/ul>\n<\/li>\n<li><strong>Ce materiale pentru e\u0219arfe sunt cele mai bune pentru o nunt\u0103?<\/strong>\n<ul>\n<li>Cele mai bune alegeri sunt m\u0103tasea, \u0219ifonul \u0219i bumbacul mai sub\u021bire.<\/li>\n<\/ul>\n<\/li>\n<li><strong>Care sunt cele mai bune moduri de a purta o e\u0219arf\u0103 cu o rochie?<\/strong>\n<ul>\n<li>E\u0219arfa poate fi purtat\u0103 \u00een jurul g\u00e2tului, ca benti\u021b\u0103 pentru cap sau legat\u0103 \u00een jurul taliei.<\/li>\n<\/ul>\n<\/li>\n<\/ul>","protected":false},"excerpt":{"rendered":"<p>Malinowa sukienka to synonim elegancji i stylu \u2013 idealna na okoliczno\u015bci takie jak wesele. Gdy ju\u017c wybierzesz sukienk\u0119, zastanawiasz si\u0119, jak dobra\u0107 dodatki, aby podkre\u015bli\u0107 sw\u00f3j wygl\u0105d. W tym przypadku, nieod\u0142\u0105cznym elementem garderoby mo\u017ce by\u0107 apaszka. W\u0142a\u015bciwie dobrana apaszka nie tylko dope\u0142ni ca\u0142o\u015bci, ale tak\u017ce doda Twojej stylizacji charakteru. Warto zastanowi\u0107 si\u0119 nad jej kolorem, [&hellip;]<\/p>","protected":false},"author":1,"featured_media":568,"comment_status":"closed","ping_status":"closed","sticky":false,"template":"","format":"standard","meta":{"_acf_changed":false,"footnotes":""},"categories":[1],"tags":[],"class_list":["post-584","post","type-post","status-publish","format-standard","has-post-thumbnail","hentry","category-blog"],"acf":[],"yoast_head":"<!-- This site is optimized with the Yoast SEO plugin v23.2 - https:\/\/yoast.com\/wordpress\/plugins\/seo\/ -->\n<title>Jakie apaszki pasuj\u0105 do malinowej sukienki na wesele? Top wskaz\u00f3wki i stylizacje<\/title>\n<meta name=\"description\" content=\"Odkryj idealne apaszki do malinowej sukienki na wesele! Sprawd\u017a kolory, wzory i sposoby noszenia, aby wygl\u0105da\u0107 ol\u015bniewaj\u0105co.\" \/>\n<meta name=\"robots\" content=\"index, follow, max-snippet:-1, max-image-preview:large, max-video-preview:-1\" \/>\n<link rel=\"canonical\" href=\"https:\/\/nie-codzienna.pl\/ro\/jakie-apaszki-pasuja-do-malinowej-sukienki-na-wesele\/\" \/>\n<meta property=\"og:locale\" content=\"ro_RO\" \/>\n<meta property=\"og:type\" content=\"article\" \/>\n<meta property=\"og:title\" content=\"Jakie apaszki pasuj\u0105 do malinowej sukienki na wesele? Top wskaz\u00f3wki i stylizacje\" \/>\n<meta property=\"og:description\" content=\"Odkryj idealne apaszki do malinowej sukienki na wesele! Sprawd\u017a kolory, wzory i sposoby noszenia, aby wygl\u0105da\u0107 ol\u015bniewaj\u0105co.\" \/>\n<meta property=\"og:url\" content=\"https:\/\/nie-codzienna.pl\/ro\/jakie-apaszki-pasuja-do-malinowej-sukienki-na-wesele\/\" \/>\n<meta property=\"og:site_name\" content=\"nie-codzienna.pl\" \/>\n<meta property=\"article:published_time\" content=\"2025-04-09T23:00:00+00:00\" \/>\n<meta property=\"og:image\" content=\"https:\/\/nie-codzienna.pl\/wp-content\/uploads\/2025\/04\/image6e1f8b6a4ea34f41998fbf92054974e7.png\" \/>\n\t<meta property=\"og:image:width\" content=\"1024\" \/>\n\t<meta property=\"og:image:height\" content=\"768\" \/>\n\t<meta property=\"og:image:type\" content=\"image\/png\" \/>\n<meta name=\"author\" content=\"Katarzyna Jastrz\u0119bska\" \/>\n<meta name=\"twitter:card\" content=\"summary_large_image\" \/>\n<meta name=\"twitter:label1\" content=\"Scris de\" \/>\n\t<meta name=\"twitter:data1\" content=\"Katarzyna Jastrz\u0119bska\" \/>\n\t<meta name=\"twitter:label2\" content=\"Timp estimat pentru citire\" \/>\n\t<meta name=\"twitter:data2\" content=\"3 minute\" \/>\n<script type=\"application\/ld+json\" class=\"yoast-schema-graph\">{\"@context\":\"https:\/\/schema.org\",\"@graph\":[{\"@type\":\"WebPage\",\"@id\":\"https:\/\/nie-codzienna.pl\/jakie-apaszki-pasuja-do-malinowej-sukienki-na-wesele\/\",\"url\":\"https:\/\/nie-codzienna.pl\/jakie-apaszki-pasuja-do-malinowej-sukienki-na-wesele\/\",\"name\":\"Jakie apaszki pasuj\u0105 do malinowej sukienki na wesele? Top wskaz\u00f3wki i stylizacje\",\"isPartOf\":{\"@id\":\"https:\/\/nie-codzienna.pl\/#website\"},\"primaryImageOfPage\":{\"@id\":\"https:\/\/nie-codzienna.pl\/jakie-apaszki-pasuja-do-malinowej-sukienki-na-wesele\/#primaryimage\"},\"image\":{\"@id\":\"https:\/\/nie-codzienna.pl\/jakie-apaszki-pasuja-do-malinowej-sukienki-na-wesele\/#primaryimage\"},\"thumbnailUrl\":\"https:\/\/nie-codzienna.pl\/wp-content\/uploads\/2025\/04\/image6e1f8b6a4ea34f41998fbf92054974e7.png\",\"datePublished\":\"2025-04-09T23:00:00+00:00\",\"dateModified\":\"2025-04-09T23:00:00+00:00\",\"author\":{\"@id\":\"https:\/\/nie-codzienna.pl\/#\/schema\/person\/85ea0012b2c7965da93c8e145cc7ef50\"},\"description\":\"Odkryj idealne apaszki do malinowej sukienki na wesele! Sprawd\u017a kolory, wzory i sposoby noszenia, aby wygl\u0105da\u0107 ol\u015bniewaj\u0105co.\",\"breadcrumb\":{\"@id\":\"https:\/\/nie-codzienna.pl\/jakie-apaszki-pasuja-do-malinowej-sukienki-na-wesele\/#breadcrumb\"},\"inLanguage\":\"ro-RO\",\"potentialAction\":[{\"@type\":\"ReadAction\",\"target\":[\"https:\/\/nie-codzienna.pl\/jakie-apaszki-pasuja-do-malinowej-sukienki-na-wesele\/\"]}]},{\"@type\":\"ImageObject\",\"inLanguage\":\"ro-RO\",\"@id\":\"https:\/\/nie-codzienna.pl\/jakie-apaszki-pasuja-do-malinowej-sukienki-na-wesele\/#primaryimage\",\"url\":\"https:\/\/nie-codzienna.pl\/wp-content\/uploads\/2025\/04\/image6e1f8b6a4ea34f41998fbf92054974e7.png\",\"contentUrl\":\"https:\/\/nie-codzienna.pl\/wp-content\/uploads\/2025\/04\/image6e1f8b6a4ea34f41998fbf92054974e7.png\",\"width\":1024,\"height\":768},{\"@type\":\"BreadcrumbList\",\"@id\":\"https:\/\/nie-codzienna.pl\/jakie-apaszki-pasuja-do-malinowej-sukienki-na-wesele\/#breadcrumb\",\"itemListElement\":[{\"@type\":\"ListItem\",\"position\":1,\"name\":\"Home\",\"item\":\"https:\/\/nie-codzienna.pl\/\"},{\"@type\":\"ListItem\",\"position\":2,\"name\":\"Jakie apaszki pasuj\u0105 do malinowej sukienki na wesele?\"}]},{\"@type\":\"WebSite\",\"@id\":\"https:\/\/nie-codzienna.pl\/#website\",\"url\":\"https:\/\/nie-codzienna.pl\/\",\"name\":\"nie-codzienna.pl\",\"description\":\"Stringi sznurki: delikatno\u015b\u0107 i styl.\",\"potentialAction\":[{\"@type\":\"SearchAction\",\"target\":{\"@type\":\"EntryPoint\",\"urlTemplate\":\"https:\/\/nie-codzienna.pl\/?s={search_term_string}\"},\"query-input\":\"required name=search_term_string\"}],\"inLanguage\":\"ro-RO\"},{\"@type\":\"Person\",\"@id\":\"https:\/\/nie-codzienna.pl\/#\/schema\/person\/85ea0012b2c7965da93c8e145cc7ef50\",\"name\":\"Katarzyna Jastrz\u0119bska\",\"image\":{\"@type\":\"ImageObject\",\"inLanguage\":\"ro-RO\",\"@id\":\"https:\/\/nie-codzienna.pl\/#\/schema\/person\/image\/\",\"url\":\"https:\/\/nie-codzienna.pl\/wp-content\/uploads\/2025\/02\/zxsgouhlrw9_ad_avatar-96x96.jpg\",\"contentUrl\":\"https:\/\/nie-codzienna.pl\/wp-content\/uploads\/2025\/02\/zxsgouhlrw9_ad_avatar-96x96.jpg\",\"caption\":\"Katarzyna Jastrz\u0119bska\"},\"description\":\"Jestem Katarzyna Jastrz\u0119bska, filozofka i mi\u0142o\u015bniczka mody. Specjalizuj\u0119 si\u0119 w analizie wsp\u00f3\u0142czesnych trend\u00f3w modowych oraz ich zwi\u0105zk\u00f3w z kultur\u0105 i spo\u0142ecze\u0144stwem\",\"url\":\"https:\/\/nie-codzienna.pl\/ro\/author\/katarzyna-jastrzebska\/\"}]}<\/script>\n<!-- \/ Yoast SEO plugin. -->","yoast_head_json":{"title":"Jakie apaszki pasuj\u0105 do malinowej sukienki na wesele? Top wskaz\u00f3wki i stylizacje","description":"Odkryj idealne apaszki do malinowej sukienki na wesele! Sprawd\u017a kolory, wzory i sposoby noszenia, aby wygl\u0105da\u0107 ol\u015bniewaj\u0105co.","robots":{"index":"index","follow":"follow","max-snippet":"max-snippet:-1","max-image-preview":"max-image-preview:large","max-video-preview":"max-video-preview:-1"},"canonical":"https:\/\/nie-codzienna.pl\/ro\/jakie-apaszki-pasuja-do-malinowej-sukienki-na-wesele\/","og_locale":"ro_RO","og_type":"article","og_title":"Jakie apaszki pasuj\u0105 do malinowej sukienki na wesele? Top wskaz\u00f3wki i stylizacje","og_description":"Odkryj idealne apaszki do malinowej sukienki na wesele! Sprawd\u017a kolory, wzory i sposoby noszenia, aby wygl\u0105da\u0107 ol\u015bniewaj\u0105co.","og_url":"https:\/\/nie-codzienna.pl\/ro\/jakie-apaszki-pasuja-do-malinowej-sukienki-na-wesele\/","og_site_name":"nie-codzienna.pl","article_published_time":"2025-04-09T23:00:00+00:00","og_image":[{"width":1024,"height":768,"url":"https:\/\/nie-codzienna.pl\/wp-content\/uploads\/2025\/04\/image6e1f8b6a4ea34f41998fbf92054974e7.png","type":"image\/png"}],"author":"Katarzyna Jastrz\u0119bska","twitter_card":"summary_large_image","twitter_misc":{"Scris de":"Katarzyna Jastrz\u0119bska","Timp estimat pentru citire":"3 minute"},"schema":{"@context":"https:\/\/schema.org","@graph":[{"@type":"WebPage","@id":"https:\/\/nie-codzienna.pl\/jakie-apaszki-pasuja-do-malinowej-sukienki-na-wesele\/","url":"https:\/\/nie-codzienna.pl\/jakie-apaszki-pasuja-do-malinowej-sukienki-na-wesele\/","name":"Jakie apaszki pasuj\u0105 do malinowej sukienki na wesele? Top wskaz\u00f3wki i stylizacje","isPartOf":{"@id":"https:\/\/nie-codzienna.pl\/#website"},"primaryImageOfPage":{"@id":"https:\/\/nie-codzienna.pl\/jakie-apaszki-pasuja-do-malinowej-sukienki-na-wesele\/#primaryimage"},"image":{"@id":"https:\/\/nie-codzienna.pl\/jakie-apaszki-pasuja-do-malinowej-sukienki-na-wesele\/#primaryimage"},"thumbnailUrl":"https:\/\/nie-codzienna.pl\/wp-content\/uploads\/2025\/04\/image6e1f8b6a4ea34f41998fbf92054974e7.png","datePublished":"2025-04-09T23:00:00+00:00","dateModified":"2025-04-09T23:00:00+00:00","author":{"@id":"https:\/\/nie-codzienna.pl\/#\/schema\/person\/85ea0012b2c7965da93c8e145cc7ef50"},"description":"Odkryj idealne apaszki do malinowej sukienki na wesele! Sprawd\u017a kolory, wzory i sposoby noszenia, aby wygl\u0105da\u0107 ol\u015bniewaj\u0105co.","breadcrumb":{"@id":"https:\/\/nie-codzienna.pl\/jakie-apaszki-pasuja-do-malinowej-sukienki-na-wesele\/#breadcrumb"},"inLanguage":"ro-RO","potentialAction":[{"@type":"ReadAction","target":["https:\/\/nie-codzienna.pl\/jakie-apaszki-pasuja-do-malinowej-sukienki-na-wesele\/"]}]},{"@type":"ImageObject","inLanguage":"ro-RO","@id":"https:\/\/nie-codzienna.pl\/jakie-apaszki-pasuja-do-malinowej-sukienki-na-wesele\/#primaryimage","url":"https:\/\/nie-codzienna.pl\/wp-content\/uploads\/2025\/04\/image6e1f8b6a4ea34f41998fbf92054974e7.png","contentUrl":"https:\/\/nie-codzienna.pl\/wp-content\/uploads\/2025\/04\/image6e1f8b6a4ea34f41998fbf92054974e7.png","width":1024,"height":768},{"@type":"BreadcrumbList","@id":"https:\/\/nie-codzienna.pl\/jakie-apaszki-pasuja-do-malinowej-sukienki-na-wesele\/#breadcrumb","itemListElement":[{"@type":"ListItem","position":1,"name":"Home","item":"https:\/\/nie-codzienna.pl\/"},{"@type":"ListItem","position":2,"name":"Jakie apaszki pasuj\u0105 do malinowej sukienki na wesele?"}]},{"@type":"WebSite","@id":"https:\/\/nie-codzienna.pl\/#website","url":"https:\/\/nie-codzienna.pl\/","name":"nie-codzienna.pl","description":"Stringi sznurki: delikatno\u015b\u0107 i styl.","potentialAction":[{"@type":"SearchAction","target":{"@type":"EntryPoint","urlTemplate":"https:\/\/nie-codzienna.pl\/?s={search_term_string}"},"query-input":"required name=search_term_string"}],"inLanguage":"ro-RO"},{"@type":"Person","@id":"https:\/\/nie-codzienna.pl\/#\/schema\/person\/85ea0012b2c7965da93c8e145cc7ef50","name":"Katarzyna Jastrz\u0119bska","image":{"@type":"ImageObject","inLanguage":"ro-RO","@id":"https:\/\/nie-codzienna.pl\/#\/schema\/person\/image\/","url":"https:\/\/nie-codzienna.pl\/wp-content\/uploads\/2025\/02\/zxsgouhlrw9_ad_avatar-96x96.jpg","contentUrl":"https:\/\/nie-codzienna.pl\/wp-content\/uploads\/2025\/02\/zxsgouhlrw9_ad_avatar-96x96.jpg","caption":"Katarzyna Jastrz\u0119bska"},"description":"Jestem Katarzyna Jastrz\u0119bska, filozofka i mi\u0142o\u015bniczka mody. Specjalizuj\u0119 si\u0119 w analizie wsp\u00f3\u0142czesnych trend\u00f3w modowych oraz ich zwi\u0105zk\u00f3w z kultur\u0105 i spo\u0142ecze\u0144stwem","url":"https:\/\/nie-codzienna.pl\/ro\/author\/katarzyna-jastrzebska\/"}]}},"yoast_meta":{"yoast_wpseo_title":"","yoast_wpseo_metadesc":"","yoast_wpseo_canonical":"https:\/\/nie-codzienna.pl\/ro\/wp-json\/wp\/v2\/posts\/584"},"_links":{"self":[{"href":"https:\/\/nie-codzienna.pl\/ro\/wp-json\/wp\/v2\/posts\/584"}],"collection":[{"href":"https:\/\/nie-codzienna.pl\/ro\/wp-json\/wp\/v2\/posts"}],"about":[{"href":"https:\/\/nie-codzienna.pl\/ro\/wp-json\/wp\/v2\/types\/post"}],"author":[{"embeddable":true,"href":"https:\/\/nie-codzienna.pl\/ro\/wp-json\/wp\/v2\/users\/1"}],"replies":[{"embeddable":true,"href":"https:\/\/nie-codzienna.pl\/ro\/wp-json\/wp\/v2\/comments?post=584"}],"version-history":[{"count":1,"href":"https:\/\/nie-codzienna.pl\/ro\/wp-json\/wp\/v2\/posts\/584\/revisions"}],"predecessor-version":[{"id":591,"href":"https:\/\/nie-codzienna.pl\/ro\/wp-json\/wp\/v2\/posts\/584\/revisions\/591"}],"wp:featuredmedia":[{"embeddable":true,"href":"https:\/\/nie-codzienna.pl\/ro\/wp-json\/wp\/v2\/media\/568"}],"wp:attachment":[{"href":"https:\/\/nie-codzienna.pl\/ro\/wp-json\/wp\/v2\/media?parent=584"}],"wp:term":[{"taxonomy":"category","embeddable":true,"href":"https:\/\/nie-codzienna.pl\/ro\/wp-json\/wp\/v2\/categories?post=584"},{"taxonomy":"post_tag","embeddable":true,"href":"https:\/\/nie-codzienna.pl\/ro\/wp-json\/wp\/v2\/tags?post=584"}],"curies":[{"name":"wp","href":"https:\/\/api.w.org\/{rel}","templated":true}]}}